{"id":6228,"date":"2025-11-06T19:00:51","date_gmt":"2025-11-06T18:00:51","guid":{"rendered":"https:\/\/strelnicasnv.sk\/?p=6228"},"modified":"2026-01-25T14:26:35","modified_gmt":"2026-01-25T13:26:35","slug":"novembrovy-diviak-2025","status":"publish","type":"post","link":"https:\/\/strelnicasnv.sk\/?p=6228","title":{"rendered":"NOVEMBROV\u00dd DIVIAK 2025"},"content":{"rendered":"<p>Srde\u010dne v\u00e1s poz\u00fdvame na verejn\u00fa streleck\u00fa s\u00fa\u0165a\u017e\u00a0 \u00a0 \u00a0 \u00a0 \u00a0 \u00a0 \u00a0 \u00a0 \u00a0 \u00a0 \u00a0 \u00a0 \u00a0 \u00a0 \u00a0 \u00a0 \u00a0 \u00a0 \u00a0 \u00a0 \u00a0 <a href=\"https:\/\/strelnicasnv.sk\/web\/wp-content\/uploads\/2023\/11\/obrazok_2023-11-12_155342745.png\"><img loading=\"lazy\" decoding=\"async\" class=\" wp-image-5444 alignright\" src=\"https:\/\/strelnicasnv.sk\/web\/wp-content\/uploads\/2023\/11\/obrazok_2023-11-12_155342745.png\" alt=\"\" width=\"299\" height=\"209\" \/><\/a><br \/>\n,,Novembrov\u00fd diviak\u00a0 2025,,<br \/>\nD\u0148a : 16.11.2025 \/nede\u013ea\/<br \/>\nMiesto : M.A.S \u2013 \u0160ulerloch \/otvoren\u00e1 strelnica\/<br \/>\nPrezent\u00e1cia : od 8:00 \u2013\u00a0 9:00 hod.<br \/>\n<span style=\"color: #000000;\">Prihl\u00e1\u0161ky:palencaremil@azet.sk\u00a0 0907 165 447<\/span><br \/>\nJe nutn\u00e9 sa na pretek prihl\u00e1si\u0165 do 15.11.2025<br \/>\n<span style=\"color: #ff0000;\"><a style=\"color: #ff0000;\" href=\"https:\/\/strelnicasnv.sk\/web\/wp-content\/uploads\/2025\/11\/Propozicie-BT-2025-1.pdf\">Propoz\u00edcie-Be\u017eiaci ter\u010d Diviak 2025<\/a><br \/>\n<a style=\"color: #ff0000;\" href=\"https:\/\/strelnicasnv.sk\/web\/wp-content\/uploads\/2025\/11\/Novembrovy-diviak-poradie-2025.pdf\">V\u00fdsledovka : Novembrov\u00fd diviak 2025<\/a><\/span><\/p>\n","protected":false},"excerpt":{"rendered":"<p>Srde\u010dne v\u00e1s poz\u00fdvame na verejn\u00fa streleck\u00fa s\u00fa\u0165a\u017e\u00a0 \u00a0 \u00a0 \u00a0 \u00a0 \u00a0 \u00a0 \u00a0 \u00a0 \u00a0 \u00a0 \u00a0 \u00a0 \u00a0 \u00a0 \u00a0 \u00a0 \u00a0 \u00a0 \u00a0 \u00a0 ,,Novembrov\u00fd diviak\u00a0 2025,, D\u0148a : 16.11.2025 \/nede\u013ea\/ Miesto : M.A.S \u2013 \u0160ulerloch \/otvoren\u00e1 strelnica\/ Prezent\u00e1cia : od 8:00 \u2013\u00a0 9:00 hod. Prihl\u00e1\u0161ky:palencaremil@azet.sk\u00a0 0907 165 447 Je nutn\u00e9 sa [&hellip;]<\/p>\n","protected":false},"author":5,"featured_media":0,"comment_status":"closed","ping_status":"closed","sticky":false,"template":"","format":"standard","meta":{"footnotes":""},"categories":[3],"tags":[],"class_list":["post-6228","post","type-post","status-publish","format-standard","hentry","category-sutaze"],"_links":{"self":[{"href":"https:\/\/strelnicasnv.sk\/index.php?rest_route=\/wp\/v2\/posts\/6228","targetHints":{"allow":["GET"]}}],"collection":[{"href":"https:\/\/strelnicasnv.sk\/index.php?rest_route=\/wp\/v2\/posts"}],"about":[{"href":"https:\/\/strelnicasnv.sk\/index.php?rest_route=\/wp\/v2\/types\/post"}],"author":[{"embeddable":true,"href":"https:\/\/strelnicasnv.sk\/index.php?rest_route=\/wp\/v2\/users\/5"}],"replies":[{"embeddable":true,"href":"https:\/\/strelnicasnv.sk\/index.php?rest_route=%2Fwp%2Fv2%2Fcomments&post=6228"}],"version-history":[{"count":6,"href":"https:\/\/strelnicasnv.sk\/index.php?rest_route=\/wp\/v2\/posts\/6228\/revisions"}],"predecessor-version":[{"id":6243,"href":"https:\/\/strelnicasnv.sk\/index.php?rest_route=\/wp\/v2\/posts\/6228\/revisions\/6243"}],"wp:attachment":[{"href":"https:\/\/strelnicasnv.sk\/index.php?rest_route=%2Fwp%2Fv2%2Fmedia&parent=6228"}],"wp:term":[{"taxonomy":"category","embeddable":true,"href":"https:\/\/strelnicasnv.sk\/index.php?rest_route=%2Fwp%2Fv2%2Fcategories&post=6228"},{"taxonomy":"post_tag","embeddable":true,"href":"https:\/\/strelnicasnv.sk\/index.php?rest_route=%2Fwp%2Fv2%2Ftags&post=6228"}],"curies":[{"name":"wp","href":"https:\/\/api.w.org\/{rel}","templated":true}]}}