{"id":5391,"date":"2023-09-14T07:34:47","date_gmt":"2023-09-14T05:34:47","guid":{"rendered":"https:\/\/strelnicasnv.sk\/?p=5391"},"modified":"2025-02-06T19:52:38","modified_gmt":"2025-02-06T18:52:38","slug":"dakujeme-zucastnenym-za-reprezentaciu","status":"publish","type":"post","link":"https:\/\/strelnicasnv.sk\/?p=5391","title":{"rendered":""},"content":{"rendered":"<h2 style=\"text-align: center;\"><span style=\"color: #0281b8;\">Tri zlat\u00e9 medaily v jednotlivcoch a dve zlat\u00e9 v dru\u017estv\u00e1ch priniesli na\u0161i <\/span><span style=\"color: #0281b8;\">reprezentanti z Majstrovstiev Slovenska v Pr\u00edbelciach (8. a\u017e 10.9.2023), okres Ve\u013ek\u00fd Krt\u00ed\u0161.<\/span><\/h2>\n<h5 style=\"text-align: center;\"><img loading=\"lazy\" decoding=\"async\" class=\"aligncenter wp-image-3321\" src=\"https:\/\/strelnicasnv.sk\/web\/wp-content\/uploads\/2014\/08\/cropped-header1-1-300x300.jpg\" alt=\"\" width=\"44\" height=\"44\" srcset=\"https:\/\/strelnicasnv.sk\/web\/wp-content\/uploads\/2014\/08\/cropped-header1-1-300x300.jpg 300w, https:\/\/strelnicasnv.sk\/web\/wp-content\/uploads\/2014\/08\/cropped-header1-1-150x150.jpg 150w, https:\/\/strelnicasnv.sk\/web\/wp-content\/uploads\/2014\/08\/cropped-header1-1-270x270.jpg 270w, https:\/\/strelnicasnv.sk\/web\/wp-content\/uploads\/2014\/08\/cropped-header1-1-192x192.jpg 192w, https:\/\/strelnicasnv.sk\/web\/wp-content\/uploads\/2014\/08\/cropped-header1-1-180x180.jpg 180w, https:\/\/strelnicasnv.sk\/web\/wp-content\/uploads\/2014\/08\/cropped-header1-1-32x32.jpg 32w, https:\/\/strelnicasnv.sk\/web\/wp-content\/uploads\/2014\/08\/cropped-header1-1.jpg 512w\" sizes=\"auto, (max-width: 44px) 100vw, 44px\" \/><\/h5>\n<h3 style=\"text-align: center;\">\u010eakujeme v\u0161etk\u00fdm z\u00fa\u010dastnen\u00fdm za vzorn\u00fa reprezent\u00e1ciu.<\/h3>\n<p style=\"text-align: left;\">Ryan Piepers : 1. miesto v discipl\u00edne \u0160tPi 3&#215;20 kateg\u00f3ria \u201edorastenci\u201c<br \/>\n1. miesto v\u00a0discipl\u00edne \u0160pPi 30+30 kateg\u00f3ria \u201edorastenci\u201c<br \/>\nLuk\u00e1\u0161 Filip : 1. miesto v\u00a0discipl\u00edne RPi 2&#215;30 kateg\u00f3ria \u201emu\u017e\u201c<br \/>\n2. miesto v discipl\u00edne \u0160tPi 3&#215;20 kateg\u00f3ria \u201emu\u017e\u201c<!--more--><\/p>\n<p style=\"text-align: left;\">Dru\u017estvo:<br \/>\n1. v\u00a0discipl\u00edne \u0160portov\u00e1 pi\u0161to\u013e 30+30 v\u00a0kateg\u00f3rii dorastenci: Dutko Branislav,<br \/>\nFarka\u0161 Samuel a Nuber Filip<br \/>\n1. v\u00a0discipl\u00edne \u0160portov\u00e1 pi\u0161to\u013e 30+30 v\u00a0kateg\u00f3rii kadet : Bu\u010dek Boris, Komar Dominik<\/p>\n<p style=\"text-align: left;\">a\u00a0Piepers Ryan.<\/p>\n<p style=\"text-align: left;\">N\u00e1\u0161 \u201emu\u017esk\u00fd\u201c z\u00e1stupca Boris Garaj\u010dek, nominovan\u00fd v\u00a0dvoch discipl\u00ednach,<br \/>\nskon\u010dil so c\u0165ou na piatom mieste v\u00a0discipl\u00edne Ve\u013ekor\u00e1\u017ena pi\u0161to\u013e 30+30 v\u00a0silnej<br \/>\nkonkurencii s\u00a0549 bodmi.<br \/>\nV\u00a0discipl\u00edne \u0160portov\u00e1 pi\u0161to\u013e 30+30\u00a0562 bodov, ke\u010f prv\u00fd mal 583boldov sa<br \/>\no\u00a0umiestnen\u00ed m\u00f4\u017ee len sn\u00edva\u0165. Men\u00e1 ako :Bolek, Har\u0161\u00e1ny, Mitra nedali ve\u013ek\u00fa \u0161ancu<br \/>\na\u00a0tak Boris skon\u010dil s\u00a0pekn\u00fdm v\u00fdsledkom na 9. mieste z\u00a010 s\u00fa\u0165a\u017eiacich. \u00datechou mu<br \/>\nzostalo len to, \u017ee \u201eprestrie\u013eal\u201c Pe\u0165a Mlynar\u010d\u00edka.<\/p>\n","protected":false},"excerpt":{"rendered":"<p>Tri zlat\u00e9 medaily v jednotlivcoch a dve zlat\u00e9 v dru\u017estv\u00e1ch priniesli na\u0161i reprezentanti z Majstrovstiev Slovenska v Pr\u00edbelciach (8. a\u017e 10.9.2023), okres Ve\u013ek\u00fd Krt\u00ed\u0161. \u010eakujeme v\u0161etk\u00fdm z\u00fa\u010dastnen\u00fdm za vzorn\u00fa reprezent\u00e1ciu. Ryan Piepers : 1. miesto v discipl\u00edne \u0160tPi 3&#215;20 kateg\u00f3ria \u201edorastenci\u201c 1. miesto v\u00a0discipl\u00edne \u0160pPi 30+30 kateg\u00f3ria \u201edorastenci\u201c Luk\u00e1\u0161 Filip : 1. miesto v\u00a0discipl\u00edne RPi [&hellip;]<\/p>\n","protected":false},"author":2,"featured_media":0,"comment_status":"closed","ping_status":"closed","sticky":false,"template":"","format":"standard","meta":{"footnotes":""},"categories":[81],"tags":[],"class_list":["post-5391","post","type-post","status-publish","format-standard","hentry","category-sutaze-2023"],"_links":{"self":[{"href":"https:\/\/strelnicasnv.sk\/index.php?rest_route=\/wp\/v2\/posts\/5391","targetHints":{"allow":["GET"]}}],"collection":[{"href":"https:\/\/strelnicasnv.sk\/index.php?rest_route=\/wp\/v2\/posts"}],"about":[{"href":"https:\/\/strelnicasnv.sk\/index.php?rest_route=\/wp\/v2\/types\/post"}],"author":[{"embeddable":true,"href":"https:\/\/strelnicasnv.sk\/index.php?rest_route=\/wp\/v2\/users\/2"}],"replies":[{"embeddable":true,"href":"https:\/\/strelnicasnv.sk\/index.php?rest_route=%2Fwp%2Fv2%2Fcomments&post=5391"}],"version-history":[{"count":9,"href":"https:\/\/strelnicasnv.sk\/index.php?rest_route=\/wp\/v2\/posts\/5391\/revisions"}],"predecessor-version":[{"id":5400,"href":"https:\/\/strelnicasnv.sk\/index.php?rest_route=\/wp\/v2\/posts\/5391\/revisions\/5400"}],"wp:attachment":[{"href":"https:\/\/strelnicasnv.sk\/index.php?rest_route=%2Fwp%2Fv2%2Fmedia&parent=5391"}],"wp:term":[{"taxonomy":"category","embeddable":true,"href":"https:\/\/strelnicasnv.sk\/index.php?rest_route=%2Fwp%2Fv2%2Fcategories&post=5391"},{"taxonomy":"post_tag","embeddable":true,"href":"https:\/\/strelnicasnv.sk\/index.php?rest_route=%2Fwp%2Fv2%2Ftags&post=5391"}],"curies":[{"name":"wp","href":"https:\/\/api.w.org\/{rel}","templated":true}]}}