{"id":3990,"date":"2020-01-29T20:41:14","date_gmt":"2020-01-29T19:41:14","guid":{"rendered":"https:\/\/strelnicasnv.sk\/?p=3990"},"modified":"2020-01-30T20:41:35","modified_gmt":"2020-01-30T19:41:35","slug":"zavery-z-konferencie-24-01-2020","status":"publish","type":"post","link":"https:\/\/strelnicasnv.sk\/?p=3990","title":{"rendered":"Z\u00e1very z konferencie 24.01.2020"},"content":{"rendered":"<p><span style=\"font-family: Arial, sans-serif;\">V piatok 24.1.2020 bola v Klubovni uskuto\u010dnen\u00e1 V\u00fdro\u010dn\u00e1 konferencia za \u00fa\u010dasti 46 riadnych \u010dlenov. Na po\u017eiadanie predsedn\u00edctvo poskytne k nahliadnutiu Z\u00e1pisnicu s uznesen\u00edm.<\/span><\/p>\n<p><span style=\"font-family: Arial, sans-serif;\"><u><b>Info. o z\u00e1veroch v hlavn\u00fdch bodoch:<\/b><\/u><\/span><\/p>\n<ul>\n<li style=\"list-style-type: none;\">\n<ul>\n<li><span style=\"font-family: Arial, sans-serif;\"><u>bolo zvolen\u00e9 predsedn\u00edctvo v tomto zlo\u017een\u00ed:<\/u><\/span><span style=\"font-family: Arial, sans-serif;\"> predseda Marcel Kraj\u010di, podpredesda Emil Palen\u010d\u00e1r, tajomn\u00edk Janka Ma\u0165a\u0161ovsk\u00e1, hospod\u00e1r Ing.Silvia Pup\u00e1kov\u00e1<\/span><\/li>\n<li><span style=\"font-family: Arial, sans-serif;\"><u><b>za evidenciu \u010dlenov a \u010dlensk\u00fdch pr\u00edspevkov zodpovedn\u00e1:<\/b><\/u><\/span><span style=\"font-family: Arial, sans-serif;\"> Janka Ma\u0165a\u0161ovsk\u00e1, tel. 0905 330127, <\/span><span style=\"color: #000080;\"><span lang=\"zxx\"><a href=\"mailto:j.matasovska@directreal.sk\"><span style=\"font-family: Arial, sans-serif;\">j.matasovska@directreal.sk<\/span><\/a><\/span><\/span><\/li>\n<li><span style=\"font-family: Arial, sans-serif;\">za s\u00fa\u0165a\u017ee, propoz\u00edcie, kalend\u00e1re a \u010dinnos\u0165 predsedn\u00edctva zodpovedn\u00fd Emil Palen\u010d\u00e1r,<\/span><\/li>\n<li><span style=\"font-family: Arial, sans-serif;\">schv\u00e1len\u00e1 bola zmena Stanov Klubu, po zaregistrovan\u00ed bud\u00fa na web str\u00e1nke, <\/span><\/li>\n<li><span style=\"font-family: Arial, sans-serif;\">o prij\u00edman\u00ed a vylu\u010dovan\u00ed individu\u00e1lnych \u010dlenov rozhoduje predseda,<\/span><\/li>\n<li><span style=\"font-family: Arial, sans-serif;\">v kalend\u00e1ri \u0161portov\u00fdch akci\u00ed poriadan\u00fdch Klubom je celkom na rok 2020 <\/span><span style=\"font-family: Arial, sans-serif;\"><b>33 s\u00fa\u0165a\u017ei,<\/b><\/span><\/li>\n<li><span style=\"font-family: Arial, sans-serif;\">na\u010falej plat\u00ed, \u017ee po 28. febru\u00e1ri automaticky kon\u010d\u00ed \u010dlenstvo \u010dlenom, ktor\u00ed neuhradia \u010dlensk\u00fd pr\u00edspevok na pr\u00edslu\u0161n\u00e9 kalend\u00e1rne obdobie,<\/span><\/li>\n<li><span style=\"font-family: Arial, sans-serif;\">Spi\u0161sk\u00e1 streleck\u00e1 liga ka\u017ed\u00fa prv\u00fa nede\u013eu v mesiaci pokra\u010duje 11 kolami,<\/span><\/li>\n<li><span style=\"font-family: Arial, sans-serif;\">pren\u00e1jom strelnice pre \u010dlenov Klubu ka\u017ed\u00fa stredu plat\u00ed aj v r. 2020 ( od 17 do 19hod.) <\/span><\/li>\n<li><span style=\"font-family: Arial, sans-serif;\">hlavn\u00fd zdroj inform\u00e1ci\u00ed o \u010dinnosti Klubu: webstr\u00e1nka <\/span><span style=\"color: #000080;\"><span lang=\"zxx\"><a href=\"https:\/\/strelnicasnv.sk\/\"><span style=\"font-family: Arial, sans-serif;\">www.strelnica.snv.sk<\/span><\/a><\/span><\/span><\/li>\n<\/ul>\n<\/li>\n<\/ul>\n","protected":false},"excerpt":{"rendered":"<p>V piatok 24.1.2020 bola v Klubovni uskuto\u010dnen\u00e1 V\u00fdro\u010dn\u00e1 konferencia za \u00fa\u010dasti 46 riadnych \u010dlenov. Na po\u017eiadanie predsedn\u00edctvo poskytne k nahliadnutiu Z\u00e1pisnicu s uznesen\u00edm. Info. o z\u00e1veroch v hlavn\u00fdch bodoch: bolo zvolen\u00e9 predsedn\u00edctvo v tomto zlo\u017een\u00ed: predseda Marcel Kraj\u010di, podpredesda Emil Palen\u010d\u00e1r, tajomn\u00edk Janka Ma\u0165a\u0161ovsk\u00e1, hospod\u00e1r Ing.Silvia Pup\u00e1kov\u00e1 za evidenciu \u010dlenov a \u010dlensk\u00fdch pr\u00edspevkov zodpovedn\u00e1: Janka [&hellip;]<\/p>\n","protected":false},"author":3,"featured_media":0,"comment_status":"closed","ping_status":"closed","sticky":false,"template":"","format":"standard","meta":{"footnotes":""},"categories":[1],"tags":[],"class_list":["post-3990","post","type-post","status-publish","format-standard","hentry","category-nezaradene"],"_links":{"self":[{"href":"https:\/\/strelnicasnv.sk\/index.php?rest_route=\/wp\/v2\/posts\/3990","targetHints":{"allow":["GET"]}}],"collection":[{"href":"https:\/\/strelnicasnv.sk\/index.php?rest_route=\/wp\/v2\/posts"}],"about":[{"href":"https:\/\/strelnicasnv.sk\/index.php?rest_route=\/wp\/v2\/types\/post"}],"author":[{"embeddable":true,"href":"https:\/\/strelnicasnv.sk\/index.php?rest_route=\/wp\/v2\/users\/3"}],"replies":[{"embeddable":true,"href":"https:\/\/strelnicasnv.sk\/index.php?rest_route=%2Fwp%2Fv2%2Fcomments&post=3990"}],"version-history":[{"count":2,"href":"https:\/\/strelnicasnv.sk\/index.php?rest_route=\/wp\/v2\/posts\/3990\/revisions"}],"predecessor-version":[{"id":3992,"href":"https:\/\/strelnicasnv.sk\/index.php?rest_route=\/wp\/v2\/posts\/3990\/revisions\/3992"}],"wp:attachment":[{"href":"https:\/\/strelnicasnv.sk\/index.php?rest_route=%2Fwp%2Fv2%2Fmedia&parent=3990"}],"wp:term":[{"taxonomy":"category","embeddable":true,"href":"https:\/\/strelnicasnv.sk\/index.php?rest_route=%2Fwp%2Fv2%2Fcategories&post=3990"},{"taxonomy":"post_tag","embeddable":true,"href":"https:\/\/strelnicasnv.sk\/index.php?rest_route=%2Fwp%2Fv2%2Ftags&post=3990"}],"curies":[{"name":"wp","href":"https:\/\/api.w.org\/{rel}","templated":true}]}}