{"id":3825,"date":"2019-12-27T18:49:11","date_gmt":"2019-12-27T17:49:11","guid":{"rendered":"https:\/\/strelnicasnv.sk\/?p=3825"},"modified":"2020-01-21T14:50:40","modified_gmt":"2020-01-21T13:50:40","slug":"stefanska-verejna-strelecka-sutaz-prednaska-legistelum","status":"publish","type":"post","link":"https:\/\/strelnicasnv.sk\/?p=3825","title":{"rendered":"\u0160TEFANSKA VEREJN\u00c1 STRELECK\u00c1 S\u00da\u0164A\u017d + PREDN\u00c1\u0160KA LegisTelum"},"content":{"rendered":"<p><a href=\"https:\/\/strelnicasnv.sk\/web\/wp-content\/uploads\/2015\/12\/stromcek.png\"><img loading=\"lazy\" decoding=\"async\" class=\"wp-image-1393 alignleft\" src=\"https:\/\/strelnicasnv.sk\/web\/wp-content\/uploads\/2015\/12\/stromcek.png\" alt=\"\" width=\"87\" height=\"87\" srcset=\"https:\/\/strelnicasnv.sk\/web\/wp-content\/uploads\/2015\/12\/stromcek.png 288w, https:\/\/strelnicasnv.sk\/web\/wp-content\/uploads\/2015\/12\/stromcek-150x150.png 150w\" sizes=\"auto, (max-width: 87px) 100vw, 87px\" \/><\/a><strong>\u0160TEFANSKA VEREJN\u00c1 STRELECK\u00c1 S\u00da\u0164A\u017d<\/strong><br \/>\nz kr\u00e1tkych a dlh\u00fdch zbran\u00ed<br \/>\na \u201eT A T R A N S K \u00c1 O D Y S E A\u201c<br \/>\n26. december 2019 Spi\u0161skej Novej Vsi<\/p>\n<p><span style=\"color: #ff0000;\"><strong>Pozor, ako prv\u00e1 p\u00f4jde Pu\u0161kov\u00e1 discipl\u00edna.\u00a0<\/strong><\/span><\/p>\n<p><a href=\"https:\/\/strelnicasnv.sk\/web\/wp-content\/uploads\/2019\/12\/Propoz\u00edcie_Stef.19.pdf\" target=\"_blank\" rel=\"noopener noreferrer\"><em><strong>Propoz\u00edcie<\/strong><\/em><\/a> \u00a0\u00a0\u00a0 <a href=\"https:\/\/strelnicasnv.sk\/web\/wp-content\/uploads\/2019\/12\/START-VYSL_\u0160tefansky_2019.pdf\"><strong>V\u00ddSLEDKY<\/strong><\/a><\/p>\n<p><strong>PREDN\u00c1\u0160KA &#8211; LegisTelum\u00a0 \u00a0 od 12:00 hod.<\/strong><br \/>\nT\u00e9my :<br \/>\n1.\/ Noveliz\u00e1cia z\u00e1kona o zbraniach a strelive<br \/>\n2.\/ Obmedzovanie olova v strel\u00e1ch \u2013 z\u00e1mer EK<br \/>\nPredn\u00e1\u0161a: \u00a0\u00a0\u00a0\u00a0\u00a0\u00a0 Ing. \u013dubom\u00edr Mikl\u00e1nek, podpredseda Legis Telum<\/p>\n","protected":false},"excerpt":{"rendered":"<p>\u0160TEFANSKA VEREJN\u00c1 STRELECK\u00c1 S\u00da\u0164A\u017d z kr\u00e1tkych a dlh\u00fdch zbran\u00ed a \u201eT A T R A N S K \u00c1 O D Y S E A\u201c 26. december 2019 Spi\u0161skej Novej Vsi Pozor, ako prv\u00e1 p\u00f4jde Pu\u0161kov\u00e1 discipl\u00edna.\u00a0 Propoz\u00edcie \u00a0\u00a0\u00a0 V\u00ddSLEDKY PREDN\u00c1\u0160KA &#8211; LegisTelum\u00a0 \u00a0 od 12:00 hod. T\u00e9my : 1.\/ Noveliz\u00e1cia z\u00e1kona o zbraniach a [&hellip;]<\/p>\n","protected":false},"author":2,"featured_media":0,"comment_status":"closed","ping_status":"closed","sticky":false,"template":"","format":"standard","meta":{"footnotes":""},"categories":[1],"tags":[],"class_list":["post-3825","post","type-post","status-publish","format-standard","hentry","category-nezaradene"],"_links":{"self":[{"href":"https:\/\/strelnicasnv.sk\/index.php?rest_route=\/wp\/v2\/posts\/3825","targetHints":{"allow":["GET"]}}],"collection":[{"href":"https:\/\/strelnicasnv.sk\/index.php?rest_route=\/wp\/v2\/posts"}],"about":[{"href":"https:\/\/strelnicasnv.sk\/index.php?rest_route=\/wp\/v2\/types\/post"}],"author":[{"embeddable":true,"href":"https:\/\/strelnicasnv.sk\/index.php?rest_route=\/wp\/v2\/users\/2"}],"replies":[{"embeddable":true,"href":"https:\/\/strelnicasnv.sk\/index.php?rest_route=%2Fwp%2Fv2%2Fcomments&post=3825"}],"version-history":[{"count":7,"href":"https:\/\/strelnicasnv.sk\/index.php?rest_route=\/wp\/v2\/posts\/3825\/revisions"}],"predecessor-version":[{"id":3942,"href":"https:\/\/strelnicasnv.sk\/index.php?rest_route=\/wp\/v2\/posts\/3825\/revisions\/3942"}],"wp:attachment":[{"href":"https:\/\/strelnicasnv.sk\/index.php?rest_route=%2Fwp%2Fv2%2Fmedia&parent=3825"}],"wp:term":[{"taxonomy":"category","embeddable":true,"href":"https:\/\/strelnicasnv.sk\/index.php?rest_route=%2Fwp%2Fv2%2Fcategories&post=3825"},{"taxonomy":"post_tag","embeddable":true,"href":"https:\/\/strelnicasnv.sk\/index.php?rest_route=%2Fwp%2Fv2%2Ftags&post=3825"}],"curies":[{"name":"wp","href":"https:\/\/api.w.org\/{rel}","templated":true}]}}