{"id":3657,"date":"2019-09-04T08:38:16","date_gmt":"2019-09-04T06:38:16","guid":{"rendered":"https:\/\/strelnicasnv.sk\/?p=3657"},"modified":"2019-09-15T21:01:56","modified_gmt":"2019-09-15T19:01:56","slug":"den-otvorenych-dveri-7-septembra-2019-od-1400-do-1700-hod","status":"publish","type":"post","link":"https:\/\/strelnicasnv.sk\/?p=3657","title":{"rendered":"De\u0148 otvoren\u00fdch dver\u00ed 7. septembra 2019 od 14:00 do 17:00 hod."},"content":{"rendered":"<p><a href=\"https:\/\/strelnicasnv.sk\/web\/wp-content\/uploads\/2019\/09\/MAS.jpg\"><img loading=\"lazy\" decoding=\"async\" class=\"alignleft wp-image-3663 \" src=\"https:\/\/strelnicasnv.sk\/web\/wp-content\/uploads\/2019\/09\/MAS-300x300.jpg\" alt=\"\" width=\"145\" height=\"145\" srcset=\"https:\/\/strelnicasnv.sk\/web\/wp-content\/uploads\/2019\/09\/MAS-300x300.jpg 300w, https:\/\/strelnicasnv.sk\/web\/wp-content\/uploads\/2019\/09\/MAS-150x150.jpg 150w, https:\/\/strelnicasnv.sk\/web\/wp-content\/uploads\/2019\/09\/MAS.jpg 525w\" sizes=\"auto, (max-width: 145px) 100vw, 145px\" \/><\/a>MULTIFUNK\u010cN\u00dd ARE\u00c1L SCHULERLOCH<\/p>\n<p>Uskuto\u010dn\u00ed de\u0148 otvoren\u00fdch dver\u00ed\u00a0 7. septembra 2019 od 14:00 do 17:00 hod.<br \/>\nv pr\u00edmestskej \u010dasti Spi\u0161kej Novej Vsi \u2013 \u0160ulerloch \/b\u00fdvala vojensk\u00e1 strelnica\/<\/p>\n<p>&nbsp;<\/p>\n<p><a href=\"https:\/\/www.snv.sk\/archiv?video=190909-1\">video\u00a0\u00a0<img loading=\"lazy\" decoding=\"async\" class=\"alignnone wp-image-521 size-medium\" src=\"https:\/\/strelnicasnv.sk\/web\/wp-content\/uploads\/2014\/08\/topbanner-300x75.jpg\" alt=\"\" width=\"300\" height=\"75\" srcset=\"https:\/\/strelnicasnv.sk\/web\/wp-content\/uploads\/2014\/08\/topbanner-300x75.jpg 300w, https:\/\/strelnicasnv.sk\/web\/wp-content\/uploads\/2014\/08\/topbanner.jpg 440w\" sizes=\"auto, (max-width: 300px) 100vw, 300px\" \/><\/a><\/p>\n<p><span style=\"color: #ff0000;\">Program:<\/span><br \/>\n<span style=\"color: #ff0000;\">1.\/ Uk\u00e1\u017eka \u0161portovej discipl\u00edny &#8222;Orienta\u010dn\u00fd beh&#8220;<\/span><br \/>\n<span style=\"color: #ff0000;\">2.\/ Uk\u00e1\u017eka olympijskej\u00a0 \u0161portovej discipl\u00edny &#8222;Biatlon&#8220;<\/span><br \/>\n<span style=\"color: #ff0000;\">3.\/ Uk\u00e1\u017eka olympijskej\u00a0 \u0161portovej discipl\u00edny &#8222;Lukostre\u013eba&#8220;<\/span><br \/>\n<span style=\"color: #ff0000;\">4.\/ Uk\u00e1\u017eky \u0161portovej stre\u013eby, be\u017eiaci ter\u010d a zajac v prieseku<\/span><br \/>\n<span style=\"color: #ff0000;\">5.\/ V\u00fdstava zbierky zbran\u00ed pou\u017e\u00edvan\u00fdch v b\u00fdvalej \u010ceskoslovenskej arm\u00e1de<\/span><\/p>\n<p>N\u00e1v\u0161tevn\u00edci si bud\u00fa m\u00f4c\u0165 vysk\u00fa\u0161a\u0165 svoje zru\u010dnosti a dozvedia sa z\u00e1kladn\u00e9 inform\u00e1cie<br \/>\no \u0161portoch, ktor\u00e9 s\u00fa vykon\u00e1van\u00e9 v Multifunk\u010dnom are\u00e1li Schulerloch.<br \/>\nVstup vo\u013en\u00fd, spotrebovan\u00fd materi\u00e1l si hrad\u00ed n\u00e1v\u0161tevn\u00edk.<br \/>\nNa stretnutie sa te\u0161ia usporiadatelia<\/p>\n","protected":false},"excerpt":{"rendered":"<p>MULTIFUNK\u010cN\u00dd ARE\u00c1L SCHULERLOCH Uskuto\u010dn\u00ed de\u0148 otvoren\u00fdch dver\u00ed\u00a0 7. septembra 2019 od 14:00 do 17:00 hod. v pr\u00edmestskej \u010dasti Spi\u0161kej Novej Vsi \u2013 \u0160ulerloch \/b\u00fdvala vojensk\u00e1 strelnica\/ &nbsp; video\u00a0\u00a0 Program: 1.\/ Uk\u00e1\u017eka \u0161portovej discipl\u00edny &#8222;Orienta\u010dn\u00fd beh&#8220; 2.\/ Uk\u00e1\u017eka olympijskej\u00a0 \u0161portovej discipl\u00edny &#8222;Biatlon&#8220; 3.\/ Uk\u00e1\u017eka olympijskej\u00a0 \u0161portovej discipl\u00edny &#8222;Lukostre\u013eba&#8220; 4.\/ Uk\u00e1\u017eky \u0161portovej stre\u013eby, be\u017eiaci ter\u010d a zajac [&hellip;]<\/p>\n","protected":false},"author":2,"featured_media":0,"comment_status":"closed","ping_status":"closed","sticky":false,"template":"","format":"standard","meta":{"footnotes":""},"categories":[1],"tags":[],"class_list":["post-3657","post","type-post","status-publish","format-standard","hentry","category-nezaradene"],"_links":{"self":[{"href":"https:\/\/strelnicasnv.sk\/index.php?rest_route=\/wp\/v2\/posts\/3657","targetHints":{"allow":["GET"]}}],"collection":[{"href":"https:\/\/strelnicasnv.sk\/index.php?rest_route=\/wp\/v2\/posts"}],"about":[{"href":"https:\/\/strelnicasnv.sk\/index.php?rest_route=\/wp\/v2\/types\/post"}],"author":[{"embeddable":true,"href":"https:\/\/strelnicasnv.sk\/index.php?rest_route=\/wp\/v2\/users\/2"}],"replies":[{"embeddable":true,"href":"https:\/\/strelnicasnv.sk\/index.php?rest_route=%2Fwp%2Fv2%2Fcomments&post=3657"}],"version-history":[{"count":10,"href":"https:\/\/strelnicasnv.sk\/index.php?rest_route=\/wp\/v2\/posts\/3657\/revisions"}],"predecessor-version":[{"id":3676,"href":"https:\/\/strelnicasnv.sk\/index.php?rest_route=\/wp\/v2\/posts\/3657\/revisions\/3676"}],"wp:attachment":[{"href":"https:\/\/strelnicasnv.sk\/index.php?rest_route=%2Fwp%2Fv2%2Fmedia&parent=3657"}],"wp:term":[{"taxonomy":"category","embeddable":true,"href":"https:\/\/strelnicasnv.sk\/index.php?rest_route=%2Fwp%2Fv2%2Fcategories&post=3657"},{"taxonomy":"post_tag","embeddable":true,"href":"https:\/\/strelnicasnv.sk\/index.php?rest_route=%2Fwp%2Fv2%2Ftags&post=3657"}],"curies":[{"name":"wp","href":"https:\/\/api.w.org\/{rel}","templated":true}]}}