{"id":3078,"date":"2018-03-29T13:00:32","date_gmt":"2018-03-29T11:00:32","guid":{"rendered":"https:\/\/strelnicasnv.sk\/?p=3078"},"modified":"2018-03-31T19:16:44","modified_gmt":"2018-03-31T17:16:44","slug":"velkonocna-verejna-strelecka-sutaz-z-kratkych-a-dlhych-zbrani","status":"publish","type":"post","link":"https:\/\/strelnicasnv.sk\/?p=3078","title":{"rendered":"VE\u013dKONO\u010cN\u00c1 VEREJN\u00c1  STRELECK\u00c1 S\u00da\u0164A\u017d Z KR\u00c1TKYCH A DLH\u00ddCH ZBRAN\u00cd"},"content":{"rendered":"<p><iframe loading=\"lazy\"  id=\"_ytid_26507\"  width=\"625\" height=\"351\"  data-origwidth=\"625\" data-origheight=\"351\" src=\"https:\/\/www.youtube.com\/embed\/JzGkKzNgar8?enablejsapi=1&#038;autoplay=0&#038;cc_load_policy=0&#038;cc_lang_pref=&#038;iv_load_policy=1&#038;loop=0&#038;rel=1&#038;fs=1&#038;playsinline=0&#038;autohide=2&#038;theme=dark&#038;color=red&#038;controls=1&#038;disablekb=0&#038;\" class=\"__youtube_prefs__  epyt-is-override  no-lazyload\" title=\"YouTube player\"  allow=\"fullscreen; accelerometer; autoplay; clipboard-write; encrypted-media; gyroscope; picture-in-picture; web-share\" referrerpolicy=\"strict-origin-when-cross-origin\" allowfullscreen data-no-lazy=\"1\" data-skipgform_ajax_framebjll=\"\"><\/iframe><\/p>\n<p><a href=\"https:\/\/strelnicasnv.sk\/web\/wp-content\/uploads\/2018\/03\/Ve\u013ekono\u010dn\u00fd-vysledky-2018.pdf\" target=\"_blank\" rel=\"noopener\">V\u00fdsledky<\/a><\/p>\n<p><a href=\"https:\/\/strelnicasnv.sk\/web\/wp-content\/uploads\/2018\/03\/Propoz-velkonocna-31.03.18.pdf\" target=\"_blank\" rel=\"noopener\">\u00a0Propoz\u00edcie 31.03.18<\/a><\/p>\n<p><span style=\"color: #ff0000;\">V\u00fdsledky z ve\u013ekono\u010dnej s\u00fa\u0165a\u017ee sa bud\u00fa zapo\u010d\u00edtava\u0165 ako apr\u00edlov\u00e9 ligov\u00e9 kolo, ktor\u00e9 sa z technick\u00fdch pr\u00ed\u010din nebude kona\u0165 samostatne.\u00a0<\/span><\/p>\n<p>&nbsp;<\/p>\n","protected":false},"excerpt":{"rendered":"<p>V\u00fdsledky \u00a0Propoz\u00edcie 31.03.18 V\u00fdsledky z ve\u013ekono\u010dnej s\u00fa\u0165a\u017ee sa bud\u00fa zapo\u010d\u00edtava\u0165 ako apr\u00edlov\u00e9 ligov\u00e9 kolo, ktor\u00e9 sa z technick\u00fdch pr\u00ed\u010din nebude kona\u0165 samostatne.\u00a0 &nbsp;<\/p>\n","protected":false},"author":2,"featured_media":0,"comment_status":"closed","ping_status":"closed","sticky":false,"template":"","format":"standard","meta":{"footnotes":""},"categories":[1],"tags":[],"class_list":["post-3078","post","type-post","status-publish","format-standard","hentry","category-nezaradene"],"_links":{"self":[{"href":"https:\/\/strelnicasnv.sk\/index.php?rest_route=\/wp\/v2\/posts\/3078","targetHints":{"allow":["GET"]}}],"collection":[{"href":"https:\/\/strelnicasnv.sk\/index.php?rest_route=\/wp\/v2\/posts"}],"about":[{"href":"https:\/\/strelnicasnv.sk\/index.php?rest_route=\/wp\/v2\/types\/post"}],"author":[{"embeddable":true,"href":"https:\/\/strelnicasnv.sk\/index.php?rest_route=\/wp\/v2\/users\/2"}],"replies":[{"embeddable":true,"href":"https:\/\/strelnicasnv.sk\/index.php?rest_route=%2Fwp%2Fv2%2Fcomments&post=3078"}],"version-history":[{"count":12,"href":"https:\/\/strelnicasnv.sk\/index.php?rest_route=\/wp\/v2\/posts\/3078\/revisions"}],"predecessor-version":[{"id":3109,"href":"https:\/\/strelnicasnv.sk\/index.php?rest_route=\/wp\/v2\/posts\/3078\/revisions\/3109"}],"wp:attachment":[{"href":"https:\/\/strelnicasnv.sk\/index.php?rest_route=%2Fwp%2Fv2%2Fmedia&parent=3078"}],"wp:term":[{"taxonomy":"category","embeddable":true,"href":"https:\/\/strelnicasnv.sk\/index.php?rest_route=%2Fwp%2Fv2%2Fcategories&post=3078"},{"taxonomy":"post_tag","embeddable":true,"href":"https:\/\/strelnicasnv.sk\/index.php?rest_route=%2Fwp%2Fv2%2Ftags&post=3078"}],"curies":[{"name":"wp","href":"https:\/\/api.w.org\/{rel}","templated":true}]}}