{"id":2881,"date":"2017-11-16T10:34:07","date_gmt":"2017-11-16T09:34:07","guid":{"rendered":"https:\/\/strelnicasnv.sk\/?p=2881"},"modified":"2017-11-18T19:41:04","modified_gmt":"2017-11-18T18:41:04","slug":"pohar-primatora-18-11-17","status":"publish","type":"post","link":"https:\/\/strelnicasnv.sk\/?p=2881","title":{"rendered":"Poh\u00e1r prim\u00e1tora 18.11.17"},"content":{"rendered":"<p><strong><a href=\"https:\/\/strelnicasnv.sk\/web\/wp-content\/uploads\/2017\/11\/Propozicie_18.11.17.pdf\">Propoz\u00edcie\u00a0<\/a><\/strong><b>\u00a0 \u00a0 \u00a0 \u00a0 \u00a0<\/b><strong><span style=\"color: #000000;\"><a href=\"https:\/\/strelnicasnv.sk\/web\/wp-content\/uploads\/2017\/11\/V\u00fdsl.-primator-2017.pdf\">V\u00fdsledky<\/a><\/span><\/strong><\/p>\n<p><b>V sobotu, 18. novembra, po\u010das streleckej s\u00fa\u0165a\u017ee &#8222;O poh\u00e1r prim\u00e1tora mesta Spi\u0161sk\u00e1 Nov\u00e1 Ves&#8220;\u00a0<\/b><b><\/b><b>bude<\/b><b><span style=\"font-family: Arial, sans-serif;\">\u00a0v klubovni zberate\u013e,\u00a0\u00a0<\/span><\/b><b><span style=\"font-family: Arial, sans-serif;\"><u>Ivan Kotora z Ke\u017emarku<\/u>\u00a0,\u00a0\u00a0vystavova\u0165 svoju zbierku ru\u010dn\u00fdch paln\u00fdch zbran\u00ed,\u00a0<\/span><\/b><b><span style=\"font-family: Arial, sans-serif;\">pou\u017e\u00edvan\u00fdch\u00a0<\/span><\/b><span style=\"font-family: Arial, sans-serif;\">\u00a0\u010c<\/span><b><span style=\"font-family: Arial, sans-serif;\">eskoslovenskou arm\u00e1dou od roku 1918.\u00a0<\/span><\/b><b><span style=\"font-family: Arial, sans-serif;\">\u00a0Asi 30 exempl\u00e1rov bude mo\u017en\u00e9 vidie\u0165, ohmata\u0165 a \u010do &#8211; to sa o nich dozvedie\u0165.\u00a0<\/span><\/b><b><span style=\"font-family: Arial, sans-serif;\">V\u00fdstava je pr\u00edstupn\u00e1 \u00fa\u010dastn\u00edkom streleckej s\u00fa\u0165a\u017ee i \u0161irokej verejnosti zadarmo.<\/span><\/b><\/p>\n<p><b><span style=\"font-family: Arial, sans-serif;\">Na stretnutie s Vami sa te\u0161\u00ed vystavovate\u013e i usporiadate\u013e s\u00fa\u0165a\u017ee<\/span><\/b><b><span style=\"color: #0000ff;\"><span style=\"font-family: Arial, sans-serif;\">! \u00a0\u00a0<\/span><\/span><\/b><\/p>\n","protected":false},"excerpt":{"rendered":"<p>Propoz\u00edcie\u00a0\u00a0 \u00a0 \u00a0 \u00a0 \u00a0V\u00fdsledky V sobotu, 18. novembra, po\u010das streleckej s\u00fa\u0165a\u017ee &#8222;O poh\u00e1r prim\u00e1tora mesta Spi\u0161sk\u00e1 Nov\u00e1 Ves&#8220;\u00a0bude\u00a0v klubovni zberate\u013e,\u00a0\u00a0Ivan Kotora z Ke\u017emarku\u00a0,\u00a0\u00a0vystavova\u0165 svoju zbierku ru\u010dn\u00fdch paln\u00fdch zbran\u00ed,\u00a0pou\u017e\u00edvan\u00fdch\u00a0\u00a0\u010ceskoslovenskou arm\u00e1dou od roku 1918.\u00a0\u00a0Asi 30 exempl\u00e1rov bude mo\u017en\u00e9 vidie\u0165, ohmata\u0165 a \u010do &#8211; to sa o nich dozvedie\u0165.\u00a0V\u00fdstava je pr\u00edstupn\u00e1 \u00fa\u010dastn\u00edkom streleckej s\u00fa\u0165a\u017ee i \u0161irokej verejnosti [&hellip;]<\/p>\n","protected":false},"author":4,"featured_media":0,"comment_status":"closed","ping_status":"closed","sticky":false,"template":"","format":"standard","meta":{"footnotes":""},"categories":[1],"tags":[],"class_list":["post-2881","post","type-post","status-publish","format-standard","hentry","category-nezaradene"],"_links":{"self":[{"href":"https:\/\/strelnicasnv.sk\/index.php?rest_route=\/wp\/v2\/posts\/2881","targetHints":{"allow":["GET"]}}],"collection":[{"href":"https:\/\/strelnicasnv.sk\/index.php?rest_route=\/wp\/v2\/posts"}],"about":[{"href":"https:\/\/strelnicasnv.sk\/index.php?rest_route=\/wp\/v2\/types\/post"}],"author":[{"embeddable":true,"href":"https:\/\/strelnicasnv.sk\/index.php?rest_route=\/wp\/v2\/users\/4"}],"replies":[{"embeddable":true,"href":"https:\/\/strelnicasnv.sk\/index.php?rest_route=%2Fwp%2Fv2%2Fcomments&post=2881"}],"version-history":[{"count":7,"href":"https:\/\/strelnicasnv.sk\/index.php?rest_route=\/wp\/v2\/posts\/2881\/revisions"}],"predecessor-version":[{"id":2902,"href":"https:\/\/strelnicasnv.sk\/index.php?rest_route=\/wp\/v2\/posts\/2881\/revisions\/2902"}],"wp:attachment":[{"href":"https:\/\/strelnicasnv.sk\/index.php?rest_route=%2Fwp%2Fv2%2Fmedia&parent=2881"}],"wp:term":[{"taxonomy":"category","embeddable":true,"href":"https:\/\/strelnicasnv.sk\/index.php?rest_route=%2Fwp%2Fv2%2Fcategories&post=2881"},{"taxonomy":"post_tag","embeddable":true,"href":"https:\/\/strelnicasnv.sk\/index.php?rest_route=%2Fwp%2Fv2%2Ftags&post=2881"}],"curies":[{"name":"wp","href":"https:\/\/api.w.org\/{rel}","templated":true}]}}