{"id":2796,"date":"2017-10-06T14:38:37","date_gmt":"2017-10-06T12:38:37","guid":{"rendered":"https:\/\/strelnicasnv.sk\/?p=2796"},"modified":"2017-10-30T07:51:13","modified_gmt":"2017-10-30T06:51:13","slug":"zmena-terminu-streleckej-sutaze","status":"publish","type":"post","link":"https:\/\/strelnicasnv.sk\/?p=2796","title":{"rendered":"Klub spi\u0161sk\u00fdch strelcov, OR PZ v Sp.N.Vsi a IPA,"},"content":{"rendered":"<p><span style=\"color: #000000;\">usporiada <\/span><span style=\"font-family: Arial, sans-serif;\">v piatok\u00a0 27.10.2017 v priestoroch Krytej strelnice na Radlinsk\u00e9ho 17 v Spi\u0161skej Novej Vsi <\/span><b><\/b>X. ro\u010dn\u00edk streleckej s\u00fa\u0165a\u017ee ozbrojen\u00fdch zlo\u017eiek Spi\u0161a &#8222;<span style=\"font-family: Arial, sans-serif;\">O putovn\u00fd poh\u00e1r okresn\u00e9ho riadite\u013ea PZ SR Spi\u0161sk\u00e1 Nov\u00e1 Ves&#8220;<\/span><\/p>\n<p><span style=\"text-decoration: underline;\">\u00da\u010cAS\u0164 <\/span>: <span style=\"font-family: Arial, sans-serif;\">pracovn\u00edci Policajn\u00e9ho zboru, Mestskej a obecnej pol\u00edcie, Zboru v\u00e4zenskej\u00a0<\/span>a\u00a0justi\u010dnej str\u00e1\u017ee, Colnej spr\u00e1vy SR,\u00a0\u017delezni\u010dnej pol\u00edcie.<\/p>\n<p style=\"color: #222222; text-align: left;\" align=\"CENTER\"><strong><a href=\"https:\/\/strelnicasnv.sk\/web\/wp-content\/uploads\/2017\/10\/Propoz\u00edcie_17.pdf\">Propoz\u00edcie<\/a>\u00a0\u00a0<a href=\"https:\/\/strelnicasnv.sk\/web\/wp-content\/uploads\/2017\/10\/Policajn\u00e1_s\u00fa\u0165a\u017e_V\u00fdsledky-jednotlivci_17.pdf\">V\u00fdsledky jednotlivci<\/a>\u00a0 \u00a0\u00a0<a href=\"https:\/\/strelnicasnv.sk\/web\/wp-content\/uploads\/2017\/10\/Policajna_s\u00fa\u0165a\u017e_V\u00fdsledky-dru\u017estv\u00e1_17.pdf\">V\u00fdsledky dru\u017estv\u00e1<\/a><\/strong><\/p>\n","protected":false},"excerpt":{"rendered":"<p>usporiada v piatok\u00a0 27.10.2017 v priestoroch Krytej strelnice na Radlinsk\u00e9ho 17 v Spi\u0161skej Novej Vsi X. ro\u010dn\u00edk streleckej s\u00fa\u0165a\u017ee ozbrojen\u00fdch zlo\u017eiek Spi\u0161a &#8222;O putovn\u00fd poh\u00e1r okresn\u00e9ho riadite\u013ea PZ SR Spi\u0161sk\u00e1 Nov\u00e1 Ves&#8220; \u00da\u010cAS\u0164 : pracovn\u00edci Policajn\u00e9ho zboru, Mestskej a obecnej pol\u00edcie, Zboru v\u00e4zenskej\u00a0a\u00a0justi\u010dnej str\u00e1\u017ee, Colnej spr\u00e1vy SR,\u00a0\u017delezni\u010dnej pol\u00edcie. Propoz\u00edcie\u00a0\u00a0V\u00fdsledky jednotlivci\u00a0 \u00a0\u00a0V\u00fdsledky dru\u017estv\u00e1<\/p>\n","protected":false},"author":4,"featured_media":0,"comment_status":"closed","ping_status":"closed","sticky":false,"template":"","format":"standard","meta":{"footnotes":""},"categories":[1],"tags":[],"class_list":["post-2796","post","type-post","status-publish","format-standard","hentry","category-nezaradene"],"_links":{"self":[{"href":"https:\/\/strelnicasnv.sk\/index.php?rest_route=\/wp\/v2\/posts\/2796","targetHints":{"allow":["GET"]}}],"collection":[{"href":"https:\/\/strelnicasnv.sk\/index.php?rest_route=\/wp\/v2\/posts"}],"about":[{"href":"https:\/\/strelnicasnv.sk\/index.php?rest_route=\/wp\/v2\/types\/post"}],"author":[{"embeddable":true,"href":"https:\/\/strelnicasnv.sk\/index.php?rest_route=\/wp\/v2\/users\/4"}],"replies":[{"embeddable":true,"href":"https:\/\/strelnicasnv.sk\/index.php?rest_route=%2Fwp%2Fv2%2Fcomments&post=2796"}],"version-history":[{"count":7,"href":"https:\/\/strelnicasnv.sk\/index.php?rest_route=\/wp\/v2\/posts\/2796\/revisions"}],"predecessor-version":[{"id":2870,"href":"https:\/\/strelnicasnv.sk\/index.php?rest_route=\/wp\/v2\/posts\/2796\/revisions\/2870"}],"wp:attachment":[{"href":"https:\/\/strelnicasnv.sk\/index.php?rest_route=%2Fwp%2Fv2%2Fmedia&parent=2796"}],"wp:term":[{"taxonomy":"category","embeddable":true,"href":"https:\/\/strelnicasnv.sk\/index.php?rest_route=%2Fwp%2Fv2%2Fcategories&post=2796"},{"taxonomy":"post_tag","embeddable":true,"href":"https:\/\/strelnicasnv.sk\/index.php?rest_route=%2Fwp%2Fv2%2Ftags&post=2796"}],"curies":[{"name":"wp","href":"https:\/\/api.w.org\/{rel}","templated":true}]}}